{"id":5348,"date":"2021-12-15T18:01:22","date_gmt":"2021-12-15T17:01:22","guid":{"rendered":"https:\/\/ptx-hub.org\/?p=5348"},"modified":"2022-03-29T12:16:01","modified_gmt":"2022-03-29T10:16:01","slug":"material-didatico-sobre-saf-para-o-brasil-pre-lancado-em-oficina-do-proqr","status":"publish","type":"post","link":"https:\/\/ptx-hub.org\/pt-br\/material-didatico-sobre-saf-para-o-brasil-pre-lancado-em-oficina-do-proqr\/","title":{"rendered":"Material Did\u00e1tico sobre SAF para o Brasil pr\u00e9-lan\u00e7ado em Oficina do ProQR"},"content":{"rendered":"\t\t<div data-elementor-type=\"wp-post\" data-elementor-id=\"5348\" class=\"elementor elementor-5348 elementor-5353\" data-elementor-settings=\"[]\">\n\t\t\t\t\t\t<div class=\"elementor-inner\">\n\t\t\t\t\t\t\t<div class=\"elementor-section-wrap\">\n\t\t\t\t\t\t\t<section class=\"elementor-section elementor-top-section elementor-element elementor-element-71f01a4f elementor-section-boxed elementor-section-height-default elementor-section-height-default\" data-id=\"71f01a4f\" data-element_type=\"section\">\n\t\t\t\t\t\t<div class=\"elementor-container elementor-column-gap-default\">\n\t\t\t\t\t\t\t<div class=\"elementor-row\">\n\t\t\t\t\t<div class=\"elementor-column elementor-col-100 elementor-top-column elementor-element elementor-element-38fd2b96\" data-id=\"38fd2b96\" data-element_type=\"column\">\n\t\t\t<div class=\"elementor-column-wrap elementor-element-populated\">\n\t\t\t\t\t\t\t<div class=\"elementor-widget-wrap\">\n\t\t\t\t\t\t<div class=\"elementor-element elementor-element-a6ef443 elementor-widget elementor-widget-text-editor\" data-id=\"a6ef443\" data-element_type=\"widget\" data-widget_type=\"text-editor.default\">\n\t\t\t\t<div class=\"elementor-widget-container\">\n\t\t\t\t\t<div class=\"elementor-text-editor elementor-clearfix\"><p><em>Publicado em 15 de dezembro de 2021<\/em><\/p><p>No projeto <em>ProQR \u2013 Combust\u00edveis Alternativos Sem Impactos Clim\u00e1ticos<\/em>, a colabora\u00e7\u00e3o com a Academia tem sido um elemento importante no caminho de viabilizar a produ\u00e7\u00e3o de Combust\u00edveis Sustent\u00e1veis de Avia\u00e7\u00e3o (SAF, em ingl\u00eas), a partir de Energias Renov\u00e1veis, no Brasil. Um passo importante nesta jornada alcan\u00e7ou-se no dia 1 de dezembro de 2021, quando ocorreu o Workshop \u201cTeaching on Alternative Fuels for Aviation in Brazil\u201d, promovido pelo ProQR em conjunto com os parceiros do Centro Aeroespacial Alem\u00e3o (DLR, em alem\u00e3o). O evento virtual teve como objetivo apresentar \u00e0 academia brasileira uma pr\u00e9via do material did\u00e1tico \u201cAlternative Fuels for Aviation in Brazil\u201d (Combust\u00edveis Alternativos para Avia\u00e7\u00e3o no Brasil).\u00a0O material foi desenvolvido pelo ProQR em colabora\u00e7\u00e3o com o DLR, e revisado por t\u00e9cnicos e acad\u00eamicos de excel\u00eancia no Brasil. Durante o evento, os participantes puderam conhecer o novo recurso did\u00e1tico e dialogar sobre oportunidades de aplica\u00e7\u00e3o.<\/p><p>A promo\u00e7\u00e3o de ensino e pesquisa sobre Combust\u00edveis Sustent\u00e1veis de Avia\u00e7\u00e3o \u00e9 fundamental para viabilizar a descarboniza\u00e7\u00e3o da avia\u00e7\u00e3o brasileira. O ProQR tem como um de seus principais objetivos a dissemina\u00e7\u00e3o de conhecimento t\u00e9cnico sobre essa tem\u00e1tica inovadora, de forma a impulsionar a qualifica\u00e7\u00e3o de profissionais para o mercado de trabalho. O material did\u00e1tico \u201cAlternative Fuels for Aviation in Brazil\u201d (Combust\u00edveis Alternativos para Avia\u00e7\u00e3o no Brasil) \u00e9 um marco importante nessa miss\u00e3o, pois abrange n\u00e3o s\u00f3 processos qu\u00edmicos da produ\u00e7\u00e3o de SAF, mas tamb\u00e9m aspectos do contexto energ\u00e9tico brasileiro. A abordagem permite apresentar o tema dos Combust\u00edveis Alternativos de forma integrada e interdisciplinar. \u00a0\u00a0<\/p><p>Nada disso seria poss\u00edvel sem o trabalho dos autores do material did\u00e1tico, que apresentaram os m\u00f3dulos ao longo do Workshop: <strong>J\u00fcrgen Kern<\/strong> (DLR-VE, pesquisador s\u00eanior e gerente de projetos), <strong>Andreas Meurer<\/strong> (DLR-VE, estudante de PhD), <strong>Ying Deng<\/strong> (DLR-VE, estudante de PhD), <strong>Bruna Wanke<\/strong> (DLR-VE, estudante), <strong>Bastian Rauch<\/strong> (DLR-VT, pesquisador s\u00eanior e gerente de projetos) e <strong>G\u00fcnter Schneider <\/strong>(Enolcon, Diretor). Afim de alcan\u00e7ar uma boa adequa\u00e7\u00e3o e ades\u00e3o do material ao contexto Brasileiro, o ProQR e o DLR tamb\u00e9m contaram com o apoio fundamental de revisores das seguintes institui\u00e7\u00f5es Brasileiras: Universidade Federal do Rio de Janeiro (UFRJ: Instituto de Qu\u00edmica e COPPE), Universidade Federal do Paran\u00e1 (UFPR), Instituto SENAI de Inova\u00e7\u00e3o em Energias Renov\u00e1veis (ISI-ER), Ag\u00eancia Nacional de Energia El\u00e9trica (ANEEL), HYTRON, Ag\u00eancia Nacional de Petr\u00f3leo e G\u00e1s (ANP) e a Empresa de Pesquisa Energ\u00e9tica (EPE).<\/p><h3><strong>Vis\u00e3o geral dos m\u00f3dulos<\/strong><\/h3><p>O material did\u00e1tico <em>\u201cAlternative Fuels for\u00a0Aviation\u00a0in Brazil\u201d<\/em>\u00a0(Combust\u00edveis Alternativos para Avia\u00e7\u00e3o no Brasil) \u00e9 composto por 12 m\u00f3dulos, no idioma ingl\u00eas, que discorrem sobre a cadeia de produ\u00e7\u00e3o de combust\u00edveis alternativos de avia\u00e7\u00e3o e abordam o potencial de inser\u00e7\u00e3o dessa tecnologia no cen\u00e1rio energ\u00e9tico brasileiro. O material foi pensado como uma ferramenta para apoiar o estudo, o ensino e a pesquisa sobre a tem\u00e1tica nas institui\u00e7\u00f5es acad\u00eamicas do Brasil e, por isso, busca apresentar de forma detalhada e did\u00e1tica os aspectos abordados.\u00a0Confira o resumo dos m\u00f3dulos do material did\u00e1tico, acompanhado de mini-aulas (em ingl\u00eas) que ocorreram durante o Workshop.<\/p><p><strong>M\u00f3dulo 00 \u2013 Introdu\u00e7\u00e3o e Contexto Global<\/strong><\/p><p>Nesta se\u00e7\u00e3o introdut\u00f3ria ao material, \u00e9 apresentado um panorama sobre as discuss\u00f5es globais em torno das mudan\u00e7as clim\u00e1ticas e dos impactos da avia\u00e7\u00e3o na libera\u00e7\u00e3o de gases de efeito estufa. Este cen\u00e1rio foi respons\u00e1vel pela busca por alternativas sustent\u00e1veis capazes de diminuir as emiss\u00f5es de carbono na avia\u00e7\u00e3o, dentre as quais o ProQR se destaca no \u00e2mbito da coopera\u00e7\u00e3o Brasil \u2013 Alemanha por sua proposta tecnol\u00f3gica inovadora.<span lang=\"PT-BR\" style=\"font-size: 15pt; font-family: 'Source Sans Pro', sans-serif; padding: 0cm; border: 1pt none windowtext;\">\u00a0Assista a mini-aula no M\u00f3dulo 00 abaixo.<\/span><\/p><\/div>\n\t\t\t\t<\/div>\n\t\t\t\t<\/div>\n\t\t\t\t\t\t<\/div>\n\t\t\t\t\t<\/div>\n\t\t<\/div>\n\t\t\t\t\t\t\t\t<\/div>\n\t\t\t\t\t<\/div>\n\t\t<\/section>\n\t\t\t\t<section class=\"elementor-section elementor-top-section elementor-element elementor-element-092fc27 elementor-section-boxed elementor-section-height-default elementor-section-height-default\" data-id=\"092fc27\" data-element_type=\"section\">\n\t\t\t\t\t\t<div class=\"elementor-container elementor-column-gap-default\">\n\t\t\t\t\t\t\t<div class=\"elementor-row\">\n\t\t\t\t\t<div class=\"elementor-column elementor-col-100 elementor-top-column elementor-element elementor-element-9118891\" data-id=\"9118891\" data-element_type=\"column\">\n\t\t\t<div class=\"elementor-column-wrap elementor-element-populated\">\n\t\t\t\t\t\t\t<div class=\"elementor-widget-wrap\">\n\t\t\t\t\t\t<div class=\"elementor-element elementor-element-d367329 elementor-aspect-ratio-169 elementor-widget elementor-widget-video\" data-id=\"d367329\" data-element_type=\"widget\" data-settings=\"{&quot;youtube_url&quot;:&quot;https:\\\/\\\/www.youtube.com\\\/watch?v=rJ8oLwjJAR4&amp;list=PLDAUSmB9bl3j5r7-RmrilGF6ohmYcetJ1&amp;index=8&quot;,&quot;video_type&quot;:&quot;youtube&quot;,&quot;controls&quot;:&quot;yes&quot;,&quot;aspect_ratio&quot;:&quot;169&quot;}\" data-widget_type=\"video.default\">\n\t\t\t\t<div class=\"elementor-widget-container\">\n\t\t\t\t\t<div class=\"elementor-wrapper elementor-fit-aspect-ratio elementor-open-inline\">\n\t\t\t<div class=\"elementor-video\"><\/div>\t\t<\/div>\n\t\t\t\t<\/div>\n\t\t\t\t<\/div>\n\t\t\t\t\t\t<\/div>\n\t\t\t\t\t<\/div>\n\t\t<\/div>\n\t\t\t\t\t\t\t\t<\/div>\n\t\t\t\t\t<\/div>\n\t\t<\/section>\n\t\t\t\t<section class=\"elementor-section elementor-top-section elementor-element elementor-element-b15d601 elementor-section-boxed elementor-section-height-default elementor-section-height-default\" data-id=\"b15d601\" data-element_type=\"section\">\n\t\t\t\t\t\t<div class=\"elementor-container elementor-column-gap-default\">\n\t\t\t\t\t\t\t<div class=\"elementor-row\">\n\t\t\t\t\t<div class=\"elementor-column elementor-col-100 elementor-top-column elementor-element elementor-element-312490a\" data-id=\"312490a\" data-element_type=\"column\">\n\t\t\t<div class=\"elementor-column-wrap elementor-element-populated\">\n\t\t\t\t\t\t\t<div class=\"elementor-widget-wrap\">\n\t\t\t\t\t\t<div class=\"elementor-element elementor-element-0df7171 elementor-widget elementor-widget-text-editor\" data-id=\"0df7171\" data-element_type=\"widget\" data-widget_type=\"text-editor.default\">\n\t\t\t\t<div class=\"elementor-widget-container\">\n\t\t\t\t\t<div class=\"elementor-text-editor elementor-clearfix\"><p><span style=\"font-weight: bold;\">M\u00f3dulo 01 \u2013 Infraestrutura Brasileira &amp; Estrat\u00e9gias Energ\u00e9ticas Futuras<\/span><\/p><p>De forma a fornecer uma vis\u00e3o geral sobre a atual infraestrutura brasileira em todo o seu territ\u00f3rio, este m\u00f3dulo aborda as principais matrizes de combust\u00edveis de transporte, as redes de transporte e sua utiliza\u00e7\u00e3o, bem como a disponibilidade de energia el\u00e9trica. Al\u00e9m disso, s\u00e3o analisados os planos governamentais brasileiros para o desenvolvimento do setor de transportes e do setor energ\u00e9tico.<\/p><p>Mini-aula sobre o\u00a0<span lang=\"PT-BR\" style=\"padding: 0cm; font-size: 15pt; font-family: 'Source Sans Pro', sans-serif; border: 1pt none windowtext;\">M\u00f3dulo 01\u00a0<a href=\"https:\/\/eur01.safelinks.protection.outlook.com\/?url=https%3A%2F%2Fwww.youtube.com%2Fwatch%3Fv%3Dhjf039lAvJU%26list%3DPLDAUSmB9bl3j5r7-RmrilGF6ohmYcetJ1%26index%3D8&amp;data=04%7C01%7Ckatrin.hermann%40giz.de%7C14506d2210c64a2637ea08da05c1b53b%7C5bbab28cdef3460488225e707da8dba8%7C0%7C0%7C637828626769999928%7CUnknown%7CTWFpbGZsb3d8eyJWIjoiMC4wLjAwMDAiLCJQIjoiV2luMzIiLCJBTiI6Ik1haWwiLCJXVCI6Mn0%3D%7C3000&amp;sdata=f%2Fg030XLbx6dhskeGktaXKWXGVhLhx9stW9t%2F15O1rc%3D&amp;reserved=0\" target=\"_blank\" rel=\"noopener\">aqui<\/a>.\u00a0<\/span><\/p><p><span style=\"font-weight: bold;\">M\u00f3dulo 02 \u2013 Potencial de Energias Renov\u00e1veis<\/span><\/p><p>Este m\u00f3dulo discorre sobre a perspectiva global das energias renov\u00e1veis, a necessidade de sua utiliza\u00e7\u00e3o e a viabilidade das diferentes matrizes. Tamb\u00e9m \u00e9 apresentado o potencial brasileiro, que se mostra extremamente promissor.\u00a0<\/p><p>Mini-aula sobre o\u00a0<span lang=\"PT-BR\" style=\"padding: 0cm; font-size: 15pt; font-family: 'Source Sans Pro', sans-serif; border: 1pt none windowtext;\">M\u00f3dulo 02\u00a0<a href=\"https:\/\/eur01.safelinks.protection.outlook.com\/?url=https%3A%2F%2Fwww.youtube.com%2Fwatch%3Fv%3Dm4kHRmPz0Yk%26list%3DPLDAUSmB9bl3j5r7-RmrilGF6ohmYcetJ1%26index%3D9&amp;data=04%7C01%7Ckatrin.hermann%40giz.de%7C14506d2210c64a2637ea08da05c1b53b%7C5bbab28cdef3460488225e707da8dba8%7C0%7C0%7C637828626769999928%7CUnknown%7CTWFpbGZsb3d8eyJWIjoiMC4wLjAwMDAiLCJQIjoiV2luMzIiLCJBTiI6Ik1haWwiLCJXVCI6Mn0%3D%7C3000&amp;sdata=xScg2aBC5SjGW63%2BwU9sWe8a%2BS2XsRbqFXSMSXUg%2Fa4%3D&amp;reserved=0\" target=\"_blank\" rel=\"noopener\">aqui<\/a>.\u00a0<\/span><\/p><p><span style=\"font-weight: bold;\">M\u00f3dulo 03 \u2013 Mat\u00e9rias-Primas<\/span><\/p><p>Neste m\u00f3dulo, busca-se apresentar as principais fontes de obten\u00e7\u00e3o das mat\u00e9rias-primas necess\u00e1rias para a produ\u00e7\u00e3o de SAF dispon\u00edveis no Brasil. O projeto ProQR prop\u00f5e a utiliza\u00e7\u00e3o do m\u00e9todo Power-to-Liquid (PtL) para a produ\u00e7\u00e3o de combust\u00edveis alternativos de avia\u00e7\u00e3o. Este processo, que utiliza energia renov\u00e1vel, hidrog\u00eanio e g\u00e1s carb\u00f4nico para a s\u00edntese qu\u00edmica do combust\u00edvel, ganha um enfoque especial.\u00a0<\/p><p>Mini-aula sobre o\u00a0<span lang=\"PT-BR\" style=\"padding: 0cm; font-size: 15pt; font-family: 'Source Sans Pro', sans-serif; border: 1pt none windowtext;\">M\u00f3dulo 03\u00a0<a href=\"https:\/\/eur01.safelinks.protection.outlook.com\/?url=https%3A%2F%2Fwww.youtube.com%2Fwatch%3Fv%3DifZqutqEIXg%26list%3DPLDAUSmB9bl3j5r7-RmrilGF6ohmYcetJ1%26index%3D10&amp;data=04%7C01%7Ckatrin.hermann%40giz.de%7C14506d2210c64a2637ea08da05c1b53b%7C5bbab28cdef3460488225e707da8dba8%7C0%7C0%7C637828626769999928%7CUnknown%7CTWFpbGZsb3d8eyJWIjoiMC4wLjAwMDAiLCJQIjoiV2luMzIiLCJBTiI6Ik1haWwiLCJXVCI6Mn0%3D%7C3000&amp;sdata=pZf1qWHjJTfuBzMUwq9j5UG0ZzPmkeP2nmoyrSGj0RI%3D&amp;reserved=0\" target=\"_blank\" rel=\"noopener\">aqui<\/a>.\u00a0<\/span><\/p><p><span style=\"font-weight: bold;\">M\u00f3dulo 04 \u2013 Produ\u00e7\u00e3o de Hidrog\u00eanio e Syngas<\/span><\/p><p>O g\u00e1s de s\u00edntese (Syngas), obtido atrav\u00e9s da combina\u00e7\u00e3o de mon\u00f3xido de carbono (CO) e hidrog\u00eanio (H<span style=\"font-size: 15px; height: 0px; line-height: 0; position: relative; vertical-align: baseline; top: 0.5ex;\">2<\/span>), \u00e9 o produto que ser\u00e1 convertido em hidrocarbonetos para a produ\u00e7\u00e3o do combust\u00edvel sustent\u00e1vel. O M\u00f3dulo 04 busca analisar a produ\u00e7\u00e3o desta mat\u00e9ria, assim como o recente destaque global do hidrog\u00eanio na busca por descarboniza\u00e7\u00e3o. Al\u00e9m disso apresenta a eletr\u00f3lise baseada em energia el\u00e9trica renov\u00e1vel como a melhor alternativa para obten\u00e7\u00e3o de H<span style=\"font-size: 15px; height: 0px; line-height: 0; position: relative; vertical-align: baseline; top: 0.5ex;\">2<\/span>.\u00a0<\/p><p>Mini-aula sobre o\u00a0<span lang=\"PT-BR\" style=\"padding: 0cm; font-size: 15pt; font-family: 'Source Sans Pro', sans-serif; border: 1pt none windowtext;\">M\u00f3dulo 04\u00a0<a href=\"https:\/\/eur01.safelinks.protection.outlook.com\/?url=https%3A%2F%2Fwww.youtube.com%2Fwatch%3Fv%3DNcXuXm4Ma6Q%26list%3DPLDAUSmB9bl3j5r7-RmrilGF6ohmYcetJ1%26index%3D11&amp;data=04%7C01%7Ckatrin.hermann%40giz.de%7C14506d2210c64a2637ea08da05c1b53b%7C5bbab28cdef3460488225e707da8dba8%7C0%7C0%7C637828626769999928%7CUnknown%7CTWFpbGZsb3d8eyJWIjoiMC4wLjAwMDAiLCJQIjoiV2luMzIiLCJBTiI6Ik1haWwiLCJXVCI6Mn0%3D%7C3000&amp;sdata=YekZwSSkDikoQKXYy1ITB2vF6r%2FcuXfKyG%2BYojbUOUY%3D&amp;reserved=0\" target=\"_blank\" rel=\"noopener\">aqui<\/a>.\u00a0<\/span><\/p><p><span style=\"font-weight: bold;\">M\u00f3dulo 05 \u2013 S\u00edntese<\/span><\/p><p>Este m\u00f3dulo discorre sobre o processo Fischer-Tropsch, respons\u00e1vel pela convers\u00e3o do Syngas em hidrocarbonetos. As etapas qu\u00edmicas do processo e as tecnologias utilizadas s\u00e3o apresentadas, de maneira a explorar as diferentes rotas de produ\u00e7\u00e3o de combust\u00edveis sint\u00e9ticos dispon\u00edveis.\u00a0<\/p><p>Mini-aula sobre o\u00a0<span lang=\"PT-BR\" style=\"padding: 0cm; font-size: 15pt; font-family: 'Source Sans Pro', sans-serif; border: 1pt none windowtext;\">M\u00f3dulo 05\u00a0<a href=\"https:\/\/eur01.safelinks.protection.outlook.com\/?url=https%3A%2F%2Fwww.youtube.com%2Fwatch%3Fv%3DNKF4FGhU_w0%26list%3DPLDAUSmB9bl3j5r7-RmrilGF6ohmYcetJ1%26index%3D12&amp;data=04%7C01%7Ckatrin.hermann%40giz.de%7C14506d2210c64a2637ea08da05c1b53b%7C5bbab28cdef3460488225e707da8dba8%7C0%7C0%7C637828626769999928%7CUnknown%7CTWFpbGZsb3d8eyJWIjoiMC4wLjAwMDAiLCJQIjoiV2luMzIiLCJBTiI6Ik1haWwiLCJXVCI6Mn0%3D%7C3000&amp;sdata=ntDWH5KM5rYZ1rXj2NR3d3KsGL8av7N4uI4xk5i4Cj4%3D&amp;reserved=0\" target=\"_blank\" rel=\"noopener\">aqui<\/a>.\u00a0<\/span><\/p><p><span style=\"font-weight: bold;\">M\u00f3dulo 06 \u2013 P\u00f3s-processamento<\/span><\/p><p>Assim como na rota f\u00f3ssil para obten\u00e7\u00e3o de combust\u00edveis o petr\u00f3leo cru pode ser refinado para originar diferentes produtos, o Syncrude resultante do processo Fischer-Tropsch tem um potencial similar. Por isso, a etapa de p\u00f3s-processamento tem como objetivo refinar o Syncrude para que ele possa ser convertido em querosene de avia\u00e7\u00e3o.\u00a0<\/p><p>Mini-aula sobre o\u00a0<span lang=\"PT-BR\" style=\"padding: 0cm; font-size: 15pt; font-family: 'Source Sans Pro', sans-serif; border: 1pt none windowtext;\">M\u00f3dulo 06\u00a0<a href=\"https:\/\/eur01.safelinks.protection.outlook.com\/?url=https%3A%2F%2Fwww.youtube.com%2Fwatch%3Fv%3DVQvzT06VE4k%26list%3DPLDAUSmB9bl3j5r7-RmrilGF6ohmYcetJ1%26index%3D13&amp;data=04%7C01%7Ckatrin.hermann%40giz.de%7C14506d2210c64a2637ea08da05c1b53b%7C5bbab28cdef3460488225e707da8dba8%7C0%7C0%7C637828626769999928%7CUnknown%7CTWFpbGZsb3d8eyJWIjoiMC4wLjAwMDAiLCJQIjoiV2luMzIiLCJBTiI6Ik1haWwiLCJXVCI6Mn0%3D%7C3000&amp;sdata=z8NogdQYqNADkXcaVSLnXAYCnyP1B%2BWKNzIkYgeHJuU%3D&amp;reserved=0\" target=\"_blank\" rel=\"noopener\">aqui<\/a>.\u00a0<\/span><\/p><p><span style=\"font-weight: bold;\">M\u00f3dulo 07 \u2013 Certifica\u00e7\u00e3o<\/span><\/p><p>Para serem utilizados, os combust\u00edveis de avia\u00e7\u00e3o devem ser certificados. Neste m\u00f3dulo, explica-se o funcionamento dos processos de certifica\u00e7\u00e3o de combust\u00edveis. Al\u00e9m disso s\u00e3o apresentadas diretrizes de qualidade do processo Fischer-Tropsch, bem como as diretrizes exigidas pelas ag\u00eancias de regula\u00e7\u00e3o brasileiras.\u00a0<\/p><p>Mini-aula sobre o\u00a0<span lang=\"PT-BR\" style=\"padding: 0cm; font-size: 15pt; font-family: 'Source Sans Pro', sans-serif; border: 1pt none windowtext;\">M\u00f3dulo 07\u00a0<a href=\"https:\/\/eur01.safelinks.protection.outlook.com\/?url=https%3A%2F%2Fwww.youtube.com%2Fwatch%3Fv%3DJDeqBi7RYk4%26list%3DPLDAUSmB9bl3j5r7-RmrilGF6ohmYcetJ1%26index%3D14&amp;data=04%7C01%7Ckatrin.hermann%40giz.de%7C14506d2210c64a2637ea08da05c1b53b%7C5bbab28cdef3460488225e707da8dba8%7C0%7C0%7C637828626770156153%7CUnknown%7CTWFpbGZsb3d8eyJWIjoiMC4wLjAwMDAiLCJQIjoiV2luMzIiLCJBTiI6Ik1haWwiLCJXVCI6Mn0%3D%7C3000&amp;sdata=DJK%2BBnjaK2sQdj3acnSpuBG%2Fl6o%2FkbrCy60IWDms8Mk%3D&amp;reserved=0\" target=\"_blank\" rel=\"noopener\">aqui<\/a>.\u00a0<\/span><\/p><p><span style=\"font-weight: bold;\">M\u00f3dulo 08<\/span>\u00a0<span style=\"font-weight: bold;\">\u2013 EPC &#8211; Engenharia, Licita\u00e7\u00e3o e Constru\u00e7\u00e3o<\/span><\/p><p>Este m\u00f3dulo tem como objetivo discorrer sobre a constru\u00e7\u00e3o de plantas de produ\u00e7\u00e3o de PtL SAF. Al\u00e9m de apresentar estrat\u00e9gias para a contrata\u00e7\u00e3o de empresas t\u00e9cnicas de EPC, o m\u00f3dulo explora as possibilidades para o design das plantas. O ProQR defende a constru\u00e7\u00e3o de plantas modulares e descentralizadas, que podem ser constru\u00eddas pr\u00f3ximo aos aeroportos.\u00a0<\/p><p>Mini-aula sobre o\u00a0<span lang=\"PT-BR\" style=\"padding: 0cm; font-size: 15pt; font-family: 'Source Sans Pro', sans-serif; border: 1pt none windowtext;\">M\u00f3dulo 08\u00a0<a href=\"https:\/\/eur01.safelinks.protection.outlook.com\/?url=https%3A%2F%2Fwww.youtube.com%2Fwatch%3Fv%3DVAuGnS2FxrI%26list%3DPLDAUSmB9bl3j5r7-RmrilGF6ohmYcetJ1%26index%3D15&amp;data=04%7C01%7Ckatrin.hermann%40giz.de%7C14506d2210c64a2637ea08da05c1b53b%7C5bbab28cdef3460488225e707da8dba8%7C0%7C0%7C637828626770156153%7CUnknown%7CTWFpbGZsb3d8eyJWIjoiMC4wLjAwMDAiLCJQIjoiV2luMzIiLCJBTiI6Ik1haWwiLCJXVCI6Mn0%3D%7C3000&amp;sdata=QupN9E0sH%2F2NrCHqE5Eqg378G2c56Ogwc31NmgNL1BA%3D&amp;reserved=0\" target=\"_blank\" rel=\"noopener\">aqui<\/a>.\u00a0<\/span><\/p><p><span style=\"font-weight: bold;\">M\u00f3dulo 09 \u2013 Opera\u00e7\u00e3o &amp; Manuten\u00e7\u00e3o (O&amp;M), Fim de Vida<\/span><\/p><p>Ap\u00f3s a constru\u00e7\u00e3o de uma planta de produ\u00e7\u00e3o de PtL SAF, existem diversos processos necess\u00e1rios para sua opera\u00e7\u00e3o e manuten\u00e7\u00e3o. Al\u00e9m disso, \u00e9 fundamental planejar os processos de fim de vida da planta e de que forma ela ser\u00e1 desativada, sempre presando pela sustentabilidade de danos m\u00ednimos ao meio ambiente. Nesta se\u00e7\u00e3o do material did\u00e1tico, s\u00e3o apresentadas estrat\u00e9gias para esses processos.\u00a0<\/p><p>Mini-aula sobre o\u00a0<span lang=\"PT-BR\" style=\"padding: 0cm; font-size: 15pt; font-family: 'Source Sans Pro', sans-serif; border: 1pt none windowtext;\">M\u00f3dulo 09\u00a0<a href=\"https:\/\/eur01.safelinks.protection.outlook.com\/?url=https%3A%2F%2Fwww.youtube.com%2Fwatch%3Fv%3DmarKERS3jDg%26list%3DPLDAUSmB9bl3j5r7-RmrilGF6ohmYcetJ1%26index%3D16&amp;data=04%7C01%7Ckatrin.hermann%40giz.de%7C14506d2210c64a2637ea08da05c1b53b%7C5bbab28cdef3460488225e707da8dba8%7C0%7C0%7C637828626770156153%7CUnknown%7CTWFpbGZsb3d8eyJWIjoiMC4wLjAwMDAiLCJQIjoiV2luMzIiLCJBTiI6Ik1haWwiLCJXVCI6Mn0%3D%7C3000&amp;sdata=ZLyt91XSTJCh66xqVuWoM9%2BWcxOOs8jyoJIj8n7jEro%3D&amp;reserved=0\" target=\"_blank\" rel=\"noopener\">aqui<\/a>.\u00a0<\/span><\/p><p><span style=\"font-weight: bold;\">M\u00f3dulo 10 \u2013 Produtos<\/span><\/p><p>Neste m\u00f3dulo, s\u00e3o analisados em profundidade os aspectos dos combust\u00edveis de avia\u00e7\u00e3o. Alguns dos pontos abordados s\u00e3o as pol\u00edticas em torno dos combust\u00edveis, o funcionamento destes nas aeronaves, os impactos clim\u00e1ticos dos combust\u00edveis convencionais e as mudan\u00e7as ocasionadas pela ado\u00e7\u00e3o de combust\u00edveis sustent\u00e1veis.\u00a0<\/p><p>Mini-aula sobre o\u00a0<span lang=\"PT-BR\" style=\"padding: 0cm; font-size: 15pt; font-family: 'Source Sans Pro', sans-serif; border: 1pt none windowtext;\">M\u00f3dulo 10\u00a0<a href=\"https:\/\/eur01.safelinks.protection.outlook.com\/?url=https%3A%2F%2Fwww.youtube.com%2Fwatch%3Fv%3DkC6D0a29vXo%26list%3DPLDAUSmB9bl3j5r7-RmrilGF6ohmYcetJ1%26index%3D17&amp;data=04%7C01%7Ckatrin.hermann%40giz.de%7C14506d2210c64a2637ea08da05c1b53b%7C5bbab28cdef3460488225e707da8dba8%7C0%7C0%7C637828626770156153%7CUnknown%7CTWFpbGZsb3d8eyJWIjoiMC4wLjAwMDAiLCJQIjoiV2luMzIiLCJBTiI6Ik1haWwiLCJXVCI6Mn0%3D%7C3000&amp;sdata=fHt6XfBYHRYNnB2MzwbJ1z1%2Fl5uxb37VLUuaPXpiMyc%3D&amp;reserved=0\" target=\"_blank\" rel=\"noopener\">aqui<\/a>.\u00a0<\/span><\/p><p><span style=\"font-weight: bold;\">M\u00f3dulo 11 \u2013 Planejamento Energ\u00e9tico<\/span><\/p><p>De forma a se preparar para o futuro, o planejamento energ\u00e9tico \u00e9 uma estrat\u00e9gia fundamental. Neste \u00faltimo m\u00f3dulo do material did\u00e1tico, s\u00e3o apresentados os modelos de planejamento energ\u00e9ticos mais utilizados. Al\u00e9m disso, busca-se analisar os dois planejamentos energ\u00e9ticos brasileiros: o Plano Nacional de Energia e o Plano Decenal de Expans\u00e3o de Energia.\u00a0<\/p><p>Mini-aula sobre o\u00a0<span lang=\"PT-BR\" style=\"padding: 0cm; font-size: 15pt; font-family: 'Source Sans Pro', sans-serif; border: 1pt none windowtext;\">M\u00f3dulo 11\u00a0<a href=\"https:\/\/eur01.safelinks.protection.outlook.com\/?url=https%3A%2F%2Fwww.youtube.com%2Fwatch%3Fv%3DjvM5e14ZIg8%26list%3DPLDAUSmB9bl3j5r7-RmrilGF6ohmYcetJ1%26index%3D18&amp;data=04%7C01%7Ckatrin.hermann%40giz.de%7C14506d2210c64a2637ea08da05c1b53b%7C5bbab28cdef3460488225e707da8dba8%7C0%7C0%7C637828626770156153%7CUnknown%7CTWFpbGZsb3d8eyJWIjoiMC4wLjAwMDAiLCJQIjoiV2luMzIiLCJBTiI6Ik1haWwiLCJXVCI6Mn0%3D%7C3000&amp;sdata=%2FIrqXcbrvaLB%2FNL8aTTauM39buzLSvNa%2BBh%2BzqMy8OQ%3D&amp;reserved=0\" target=\"_blank\" rel=\"noopener\">aqui<\/a>.\u00a0<\/span><\/p><p>Junto aos slides de apresenta\u00e7\u00e3o em formato PowerPoint, s\u00e3o disponibilizadas anota\u00e7\u00f5es que apoiam a facilita\u00e7\u00e3o, assim como sugest\u00f5es de perguntas e resposta e as devidas refer\u00eancias bibliogr\u00e1ficas. O material \u00e9 oferecido para uso acad\u00eamico e n\u00e3o comercial, pode ser modificado e compartilhado conforme a necessidade do\/da docente, sobre o condicionante de mencionar o Projeto ProQR como refer\u00eancia prim\u00e1ria deste recurso. Com a finalidade de ganhar uma vis\u00e3o da aplica\u00e7\u00e3o e do impacto do recurso, as institui\u00e7\u00f5es que trabalham com o material devem relatar sobre o uso ao Projeto ProQR.\u00a0<\/p><h3 style=\"font-family: 'Source Sans Pro'; font-style: normal;\">Treinamento presencial com os autores em 2022 para lan\u00e7amento do material did\u00e1tico completo<\/h3><p>O material completo est\u00e1 previsto para ser lan\u00e7ado em mar\u00e7o de 2022, no \u00e2mbito de um treinamento presencial com a equipe de colegas do DLR.\u00a0<span lang=\"PT-BR\" style=\"background-image: initial; background-position: initial; background-size: initial; background-repeat: initial; background-attachment: initial; background-origin: initial; background-clip: initial; font-size: 15pt; font-family: 'Source Sans Pro', sans-serif;\">O evento est\u00e1 planejado<br \/>para acontecer durante a semana de\u00a0<span style=\"font-weight: bold;\">1 a 6 de maio de 2022<\/span>, no Rio de Janeiro. \u00a0Manifesta\u00e7\u00f5es de interesse podem ser enviadas para\u00a0<\/span><span lang=\"PT-BR\"><a href=\"mailto:proqr@giz.de\" target=\"_blank\" rel=\"noopener\"><span style=\"padding: 0cm; font-size: 15pt; font-family: 'Source Sans Pro', sans-serif; background-image: initial; background-position: initial; background-size: initial; background-repeat: initial; background-attachment: initial; background-origin: initial; background-clip: initial; border: 1pt none windowtext;\">proqr@giz.de<\/span><\/a><\/span><\/p><p>A sele\u00e7\u00e3o de slides do material que foram apresentados no Workshop do dia 01 de dezembro est\u00e1 dispon\u00edvel para solicita\u00e7\u00e3o\u00a0<a href=\"https:\/\/ptx-hub.org\/wp-content\/uploads\/2021\/12\/Download-Form-HCD-ProQR-Alternative-Fuels_Workshop.docx\" target=\"_blank\" rel=\"noreferrer noopener\">neste formul\u00e1rio<\/a>.<\/p><p><em>Ruth Barbosa contribuiu para este artigo.<\/em><\/p><\/div>\n\t\t\t\t<\/div>\n\t\t\t\t<\/div>\n\t\t\t\t\t\t<\/div>\n\t\t\t\t\t<\/div>\n\t\t<\/div>\n\t\t\t\t\t\t\t\t<\/div>\n\t\t\t\t\t<\/div>\n\t\t<\/section>\n\t\t\t\t\t\t<\/div>\n\t\t\t\t\t\t<\/div>\n\t\t\t\t\t<\/div>\n\t\t","protected":false},"excerpt":{"rendered":"<p>No projeto ProQR \u2013 Combust\u00edveis Alternativos Sem Impactos Clim\u00e1ticos, a colabora\u00e7\u00e3o com a Academia tem sido um elemento importante no caminho de viabilizar a produ\u00e7\u00e3o<\/p>\n","protected":false},"author":12,"featured_media":5561,"comment_status":"closed","ping_status":"closed","sticky":false,"template":"","format":"standard","meta":[],"categories":[7,6],"tags":[203,202,105],"ptxproject":[90],"slidertag":[],"ptxcountry":[32],"yoast_head":"<!-- This site is optimized with the Yoast SEO plugin v16.0.2 - https:\/\/yoast.com\/wordpress\/plugins\/seo\/ -->\n<title>Material Did\u00e1tico sobre SAF para o Brasil pr\u00e9-lan\u00e7ado em Oficina do ProQR - PtX Hub<\/title>\n<meta name=\"robots\" content=\"index, follow, max-snippet:-1, max-image-preview:large, max-video-preview:-1\" \/>\n<link rel=\"canonical\" href=\"https:\/\/ptx-hub.org\/pt-br\/teaching-material-on-saf-for-brazil-is-pre-launched-at-proqr-workshop\/\" \/>\n<meta property=\"og:locale\" content=\"pt_BR\" \/>\n<meta property=\"og:type\" content=\"article\" \/>\n<meta property=\"og:title\" content=\"Material Did\u00e1tico sobre SAF para o Brasil pr\u00e9-lan\u00e7ado em Oficina do ProQR - PtX Hub\" \/>\n<meta property=\"og:description\" content=\"No projeto ProQR \u2013 Combust\u00edveis Alternativos Sem Impactos Clim\u00e1ticos, a colabora\u00e7\u00e3o com a Academia tem sido um elemento importante no caminho de viabilizar a produ\u00e7\u00e3o\" \/>\n<meta property=\"og:url\" content=\"https:\/\/ptx-hub.org\/teaching-material-on-saf-for-brazil-is-pre-launched-at-proqr-workshop\/\" \/>\n<meta property=\"og:site_name\" content=\"PtX Hub\" \/>\n<meta property=\"article:published_time\" content=\"2021-12-15T17:01:22+00:00\" \/>\n<meta property=\"article:modified_time\" content=\"2022-03-29T10:16:01+00:00\" \/>\n<meta property=\"og:image\" content=\"https:\/\/ptx-hub.org\/wp-content\/uploads\/2021\/12\/Pic-Workshop-ToT-framed-2.png\" \/>\n\t<meta property=\"og:image:width\" content=\"1286\" \/>\n\t<meta property=\"og:image:height\" content=\"579\" \/>\n<meta name=\"twitter:card\" content=\"summary_large_image\" \/>\n<meta name=\"twitter:label1\" content=\"Est. tempo de leitura\">\n\t<meta name=\"twitter:data1\" content=\"7 minutos\">\n<script type=\"application\/ld+json\" class=\"yoast-schema-graph\">{\"@context\":\"https:\/\/schema.org\",\"@graph\":[{\"@type\":\"Organization\",\"@id\":\"https:\/\/ptx-hub.org\/#organization\",\"name\":\"International PtX Hub Berlin\",\"url\":\"https:\/\/ptx-hub.org\/\",\"sameAs\":[],\"logo\":{\"@type\":\"ImageObject\",\"@id\":\"https:\/\/ptx-hub.org\/#logo\",\"inLanguage\":\"pt-BR\",\"url\":\"https:\/\/ptx-hub.org\/wp-content\/uploads\/2020\/07\/PtX-Hub-logo-1.svg\",\"width\":237,\"height\":121,\"caption\":\"International PtX Hub Berlin\"},\"image\":{\"@id\":\"https:\/\/ptx-hub.org\/#logo\"}},{\"@type\":\"WebSite\",\"@id\":\"https:\/\/ptx-hub.org\/#website\",\"url\":\"https:\/\/ptx-hub.org\/\",\"name\":\"International PtX Hub Berlin\",\"description\":\"Catalysing defossilisation globally\",\"publisher\":{\"@id\":\"https:\/\/ptx-hub.org\/#organization\"},\"potentialAction\":[{\"@type\":\"SearchAction\",\"target\":\"https:\/\/ptx-hub.org\/?s={search_term_string}\",\"query-input\":\"required name=search_term_string\"}],\"inLanguage\":\"pt-BR\"},{\"@type\":\"ImageObject\",\"@id\":\"https:\/\/ptx-hub.org\/teaching-material-on-saf-for-brazil-is-pre-launched-at-proqr-workshop\/#primaryimage\",\"inLanguage\":\"pt-BR\",\"url\":\"https:\/\/ptx-hub.org\/wp-content\/uploads\/2021\/12\/Pic-Workshop-ToT-framed-2.png\",\"width\":1286,\"height\":579},{\"@type\":\"WebPage\",\"@id\":\"https:\/\/ptx-hub.org\/teaching-material-on-saf-for-brazil-is-pre-launched-at-proqr-workshop\/#webpage\",\"url\":\"https:\/\/ptx-hub.org\/teaching-material-on-saf-for-brazil-is-pre-launched-at-proqr-workshop\/\",\"name\":\"Material Did\\u00e1tico sobre SAF para o Brasil pr\\u00e9-lan\\u00e7ado em Oficina do ProQR - PtX Hub\",\"isPartOf\":{\"@id\":\"https:\/\/ptx-hub.org\/#website\"},\"primaryImageOfPage\":{\"@id\":\"https:\/\/ptx-hub.org\/teaching-material-on-saf-for-brazil-is-pre-launched-at-proqr-workshop\/#primaryimage\"},\"datePublished\":\"2021-12-15T17:01:22+00:00\",\"dateModified\":\"2022-03-29T10:16:01+00:00\",\"breadcrumb\":{\"@id\":\"https:\/\/ptx-hub.org\/teaching-material-on-saf-for-brazil-is-pre-launched-at-proqr-workshop\/#breadcrumb\"},\"inLanguage\":\"pt-BR\",\"potentialAction\":[{\"@type\":\"ReadAction\",\"target\":[\"https:\/\/ptx-hub.org\/teaching-material-on-saf-for-brazil-is-pre-launched-at-proqr-workshop\/\"]}]},{\"@type\":\"BreadcrumbList\",\"@id\":\"https:\/\/ptx-hub.org\/teaching-material-on-saf-for-brazil-is-pre-launched-at-proqr-workshop\/#breadcrumb\",\"itemListElement\":[{\"@type\":\"ListItem\",\"position\":1,\"item\":{\"@type\":\"WebPage\",\"@id\":\"https:\/\/ptx-hub.org\/\",\"url\":\"https:\/\/ptx-hub.org\/\",\"name\":\"Startseite\"}},{\"@type\":\"ListItem\",\"position\":2,\"item\":{\"@type\":\"WebPage\",\"@id\":\"https:\/\/ptx-hub.org\/teaching-material-on-saf-for-brazil-is-pre-launched-at-proqr-workshop\/\",\"url\":\"https:\/\/ptx-hub.org\/teaching-material-on-saf-for-brazil-is-pre-launched-at-proqr-workshop\/\",\"name\":\"Material Did\\u00e1tico sobre SAF para o Brasil pr\\u00e9-lan\\u00e7ado em Oficina do ProQR\"}}]},{\"@type\":\"Article\",\"@id\":\"https:\/\/ptx-hub.org\/teaching-material-on-saf-for-brazil-is-pre-launched-at-proqr-workshop\/#article\",\"isPartOf\":{\"@id\":\"https:\/\/ptx-hub.org\/teaching-material-on-saf-for-brazil-is-pre-launched-at-proqr-workshop\/#webpage\"},\"author\":{\"@id\":\"https:\/\/ptx-hub.org\/#\/schema\/person\/d343fa2074988d4af03e1a128092649d\"},\"headline\":\"Material Did\\u00e1tico sobre SAF para o Brasil pr\\u00e9-lan\\u00e7ado em Oficina do ProQR\",\"datePublished\":\"2021-12-15T17:01:22+00:00\",\"dateModified\":\"2022-03-29T10:16:01+00:00\",\"mainEntityOfPage\":{\"@id\":\"https:\/\/ptx-hub.org\/teaching-material-on-saf-for-brazil-is-pre-launched-at-proqr-workshop\/#webpage\"},\"publisher\":{\"@id\":\"https:\/\/ptx-hub.org\/#organization\"},\"image\":{\"@id\":\"https:\/\/ptx-hub.org\/teaching-material-on-saf-for-brazil-is-pre-launched-at-proqr-workshop\/#primaryimage\"},\"keywords\":\"Aviation,PtX,Training\",\"articleSection\":\"Event,News\",\"inLanguage\":\"pt-BR\"},{\"@type\":\"Person\",\"@id\":\"https:\/\/ptx-hub.org\/#\/schema\/person\/d343fa2074988d4af03e1a128092649d\",\"name\":\"Kathrin Hermann\",\"image\":{\"@type\":\"ImageObject\",\"@id\":\"https:\/\/ptx-hub.org\/#personlogo\",\"inLanguage\":\"pt-BR\",\"url\":\"https:\/\/secure.gravatar.com\/avatar\/ff468cde78d741cb647e935a92eac0e5?s=96&d=mm&r=g\",\"caption\":\"Kathrin Hermann\"}}]}<\/script>\n<!-- \/ Yoast SEO plugin. -->","_links":{"self":[{"href":"https:\/\/ptx-hub.org\/pt-br\/wp-json\/wp\/v2\/posts\/5348"}],"collection":[{"href":"https:\/\/ptx-hub.org\/pt-br\/wp-json\/wp\/v2\/posts"}],"about":[{"href":"https:\/\/ptx-hub.org\/pt-br\/wp-json\/wp\/v2\/types\/post"}],"author":[{"embeddable":true,"href":"https:\/\/ptx-hub.org\/pt-br\/wp-json\/wp\/v2\/users\/12"}],"replies":[{"embeddable":true,"href":"https:\/\/ptx-hub.org\/pt-br\/wp-json\/wp\/v2\/comments?post=5348"}],"version-history":[{"count":11,"href":"https:\/\/ptx-hub.org\/pt-br\/wp-json\/wp\/v2\/posts\/5348\/revisions"}],"predecessor-version":[{"id":6426,"href":"https:\/\/ptx-hub.org\/pt-br\/wp-json\/wp\/v2\/posts\/5348\/revisions\/6426"}],"wp:featuredmedia":[{"embeddable":true,"href":"https:\/\/ptx-hub.org\/pt-br\/wp-json\/wp\/v2\/media\/5561"}],"wp:attachment":[{"href":"https:\/\/ptx-hub.org\/pt-br\/wp-json\/wp\/v2\/media?parent=5348"}],"wp:term":[{"taxonomy":"category","embeddable":true,"href":"https:\/\/ptx-hub.org\/pt-br\/wp-json\/wp\/v2\/categories?post=5348"},{"taxonomy":"post_tag","embeddable":true,"href":"https:\/\/ptx-hub.org\/pt-br\/wp-json\/wp\/v2\/tags?post=5348"},{"taxonomy":"ptxproject","embeddable":true,"href":"https:\/\/ptx-hub.org\/pt-br\/wp-json\/wp\/v2\/ptxproject?post=5348"},{"taxonomy":"slidertag","embeddable":true,"href":"https:\/\/ptx-hub.org\/pt-br\/wp-json\/wp\/v2\/slidertag?post=5348"},{"taxonomy":"ptxcountry","embeddable":true,"href":"https:\/\/ptx-hub.org\/pt-br\/wp-json\/wp\/v2\/ptxcountry?post=5348"}],"curies":[{"name":"wp","href":"https:\/\/api.w.org\/{rel}","templated":true}]}}