{"id":6913,"date":"2022-04-20T10:22:38","date_gmt":"2022-04-20T08:22:38","guid":{"rendered":"https:\/\/ptx-hub.org\/?p=6913"},"modified":"2022-04-25T15:29:48","modified_gmt":"2022-04-25T13:29:48","slug":"governanca-e-politicas-publicas-para-incentivo-ao-saf","status":"publish","type":"post","link":"https:\/\/ptx-hub.org\/pt-br\/governanca-e-politicas-publicas-para-incentivo-ao-saf\/","title":{"rendered":"Governan\u00e7a e pol\u00edticas p\u00fablicas para incentivo ao SAF"},"content":{"rendered":"\n<h3>Estudo do ProQR contribui para Programa Nacional Brasileiro Combust\u00edvel do Futuro<\/h3>\n\n\n\n<p>Nas \u00faltimas d\u00e9cadas, em meio aos crescentes esfor\u00e7os na busca global pela diminui\u00e7\u00e3o das emiss\u00f5es de gases de efeito estufa (GEEs), o uso de Combust\u00edveis Sustent\u00e1veis para Avia\u00e7\u00e3o (SAF) consolidou-se como uma das principais estrat\u00e9gias para descarboniza\u00e7\u00e3o desse setor. A cada dia torna-se mais pr\u00f3xima da realidade a substitui\u00e7\u00e3o gradual do querosene de avia\u00e7\u00e3o convencional, de origem f\u00f3ssil, por SAF, uma alternativa produzida a partir de insumos como energias renov\u00e1veis, \u00e1gua e CO<sub>2<\/sub> proveniente do ar ambiente ou de biomassa residual da ind\u00fastria. Para tal, faz-se necess\u00e1rio que os pa\u00edses trabalhem, em \u00e2mbito nacional e internacional, no sentido de estruturar diretrizes para o funcionamento desse novo mercado.<\/p>\n\n\n\n<p>A descarboniza\u00e7\u00e3o, seja da avia\u00e7\u00e3o ou da matriz energ\u00e9tica como um todo, imp\u00f5e diversos desafios cuja solu\u00e7\u00e3o jur\u00eddica e regulat\u00f3ria \u00e9 fundamental. \u00c9 imprescind\u00edvel um planejamento adequado para abarcar os diversos fatores envolvidos no processo, tais como os investimentos em tecnologia, as mudan\u00e7as nas redes de transporte, o ensino e a pesquisa sobre a tem\u00e1tica, a adequa\u00e7\u00e3o dos mecanismos burocr\u00e1ticos estatais. Al\u00e9m disso, uma boa sintonia entre o setor p\u00fablico e privado contribui para que solu\u00e7\u00f5es inovadoras como o SAF sejam aplic\u00e1veis.<\/p>\n\n\n\n<p>De forma a compreender melhor esse cen\u00e1rio pol\u00edtico, o ProQR realizou o <a href=\"https:\/\/ptx-hub.org\/wp-content\/uploads\/2022\/04\/Governanca-e-Politicas-Publicas-para-SAF.pdf\" target=\"_blank\" rel=\"noreferrer noopener\">\u201cEstudo sobre Governan\u00e7a e Pol\u00edticas P\u00fablicas de Incentivo \u00e0 Produ\u00e7\u00e3o de Combust\u00edveis Sustent\u00e1veis de Avia\u00e7\u00e3o\u201d.<\/a> O documento analisa detalhadamente as a\u00e7\u00f5es do Brasil e de diversos pa\u00edses (Estados Unidos, China, Jap\u00e3o, Alemanha, Noruega, M\u00e9xico e Uni\u00e3o Europeia) no que diz respeito \u00e0 viabiliza\u00e7\u00e3o do SAF. Assim, \u00e9 poss\u00edvel visualizar, para pa\u00edses desenvolvidos e em desenvolvimento, as diferentes estrat\u00e9gias utilizadas em contexto nacional, as propostas de coopera\u00e7\u00e3o, bem como as intera\u00e7\u00f5es com acordos internacionais como o CORSIA.<\/p>\n\n\n\n<p>O estudo foi realizado no \u00e2mbito do apoio do ProQR ao Programa Nacional Combust\u00edvel do Futuro. Esta iniciativa do governo brasileiro, coordenada pelo Minist\u00e9rio de Minas e Energia (MME), tem como principal objetivo dar suporte \u00e0 cria\u00e7\u00e3o de pol\u00edticas no Brasil que visem \u00e0 descarboniza\u00e7\u00e3o da matriz de transporte do pa\u00eds. O material, portanto, oferece aos atores pol\u00edticos brasileiros e internacionais suporte para o desenvolvimento de estrat\u00e9gias, principalmente ligadas a pol\u00edticas e modelos de governan\u00e7a, que auxiliem na promo\u00e7\u00e3o de uma avia\u00e7\u00e3o limpa.<\/p>\n\n\n\n<p>O Projeto Combust\u00edveis Alternativos sem Impactos Clim\u00e1ticos (ProQR) \u00e9 realizado por meio da Coopera\u00e7\u00e3o T\u00e9cnica Brasil-Alemanha para o Desenvolvimento Sustent\u00e1vel, em parceria com o Minist\u00e9rio da Ci\u00eancia, Tecnologia e Inova\u00e7\u00f5es (MCTI) e por meio da Deutsche Gesellschaft f\u00fcr Internationale Zusammenarbeit (GIZ) GmbH. O projeto \u00e9 parte da Iniciativa Internacional para o Clima (IKI), apoiada pelo Minist\u00e9rio do Meio Ambiente, Prote\u00e7\u00e3o da Natureza, Seguran\u00e7a Nuclear e Prote\u00e7\u00e3o ao Consumidor (BMUV).<\/p>\n\n\n\n<p>Para acessar o estudo, clique <a href=\"https:\/\/ptx-hub.org\/wp-content\/uploads\/2022\/04\/Governanca-e-Politicas-Publicas-para-SAF.pdf\" target=\"_blank\" rel=\"noreferrer noopener\">aqui<\/a>. (Dispon\u00edvel apenas em portugu\u00eas.)<\/p>\n","protected":false},"excerpt":{"rendered":"<p>Nas \u00faltimas d\u00e9cadas, em meio aos crescentes esfor\u00e7os na busca global pela diminui\u00e7\u00e3o das emiss\u00f5es de gases de efeito estufa (GEEs), o uso de Combust\u00edveis Sustent\u00e1veis para Avia\u00e7\u00e3o (SAF) consolidou-se como uma das principais estrat\u00e9gias para descarboniza\u00e7\u00e3o <\/p>\n","protected":false},"author":12,"featured_media":6908,"comment_status":"closed","ping_status":"closed","sticky":false,"template":"","format":"standard","meta":[],"categories":[6],"tags":[203,63,202,104],"ptxproject":[90],"slidertag":[],"ptxcountry":[32],"yoast_head":"<!-- This site is optimized with the Yoast SEO plugin v16.0.2 - https:\/\/yoast.com\/wordpress\/plugins\/seo\/ -->\n<title>Governan\u00e7a e pol\u00edticas p\u00fablicas para incentivo ao SAF - PtX Hub<\/title>\n<meta name=\"robots\" content=\"index, follow, max-snippet:-1, max-image-preview:large, max-video-preview:-1\" \/>\n<link rel=\"canonical\" href=\"https:\/\/ptx-hub.org\/pt-br\/governanca-e-politicas-publicas-para-incentivo-ao-saf\/\" \/>\n<meta property=\"og:locale\" content=\"pt_BR\" \/>\n<meta property=\"og:type\" content=\"article\" \/>\n<meta property=\"og:title\" content=\"Governan\u00e7a e pol\u00edticas p\u00fablicas para incentivo ao SAF - PtX Hub\" \/>\n<meta property=\"og:description\" content=\"Nas \u00faltimas d\u00e9cadas, em meio aos crescentes esfor\u00e7os na busca global pela diminui\u00e7\u00e3o das emiss\u00f5es de gases de efeito estufa (GEEs), o uso de Combust\u00edveis Sustent\u00e1veis para Avia\u00e7\u00e3o (SAF) consolidou-se como uma das principais estrat\u00e9gias para descarboniza\u00e7\u00e3o\" \/>\n<meta property=\"og:url\" content=\"https:\/\/ptx-hub.org\/pt-br\/governanca-e-politicas-publicas-para-incentivo-ao-saf\/\" \/>\n<meta property=\"og:site_name\" content=\"PtX Hub\" \/>\n<meta property=\"article:published_time\" content=\"2022-04-20T08:22:38+00:00\" \/>\n<meta property=\"article:modified_time\" content=\"2022-04-25T13:29:48+00:00\" \/>\n<meta property=\"og:image\" content=\"https:\/\/ptx-hub.org\/wp-content\/uploads\/2022\/04\/Estudo.png\" \/>\n\t<meta property=\"og:image:width\" content=\"1119\" \/>\n\t<meta property=\"og:image:height\" content=\"745\" \/>\n<meta name=\"twitter:card\" content=\"summary_large_image\" \/>\n<meta name=\"twitter:label1\" content=\"Est. tempo de leitura\">\n\t<meta name=\"twitter:data1\" content=\"2 minutos\">\n<script type=\"application\/ld+json\" class=\"yoast-schema-graph\">{\"@context\":\"https:\/\/schema.org\",\"@graph\":[{\"@type\":\"Organization\",\"@id\":\"https:\/\/ptx-hub.org\/#organization\",\"name\":\"International PtX Hub Berlin\",\"url\":\"https:\/\/ptx-hub.org\/\",\"sameAs\":[],\"logo\":{\"@type\":\"ImageObject\",\"@id\":\"https:\/\/ptx-hub.org\/#logo\",\"inLanguage\":\"pt-BR\",\"url\":\"https:\/\/ptx-hub.org\/wp-content\/uploads\/2020\/07\/PtX-Hub-logo-1.svg\",\"width\":237,\"height\":121,\"caption\":\"International PtX Hub Berlin\"},\"image\":{\"@id\":\"https:\/\/ptx-hub.org\/#logo\"}},{\"@type\":\"WebSite\",\"@id\":\"https:\/\/ptx-hub.org\/#website\",\"url\":\"https:\/\/ptx-hub.org\/\",\"name\":\"International PtX Hub Berlin\",\"description\":\"Catalysing defossilisation globally\",\"publisher\":{\"@id\":\"https:\/\/ptx-hub.org\/#organization\"},\"potentialAction\":[{\"@type\":\"SearchAction\",\"target\":\"https:\/\/ptx-hub.org\/?s={search_term_string}\",\"query-input\":\"required name=search_term_string\"}],\"inLanguage\":\"pt-BR\"},{\"@type\":\"ImageObject\",\"@id\":\"https:\/\/ptx-hub.org\/pt-br\/governanca-e-politicas-publicas-para-incentivo-ao-saf\/#primaryimage\",\"inLanguage\":\"pt-BR\",\"url\":\"https:\/\/ptx-hub.org\/wp-content\/uploads\/2022\/04\/Estudo.png\",\"width\":1119,\"height\":745,\"caption\":\"Soninha Vil \/ GIZ\"},{\"@type\":\"WebPage\",\"@id\":\"https:\/\/ptx-hub.org\/pt-br\/governanca-e-politicas-publicas-para-incentivo-ao-saf\/#webpage\",\"url\":\"https:\/\/ptx-hub.org\/pt-br\/governanca-e-politicas-publicas-para-incentivo-ao-saf\/\",\"name\":\"Governan\\u00e7a e pol\\u00edticas p\\u00fablicas para incentivo ao SAF - PtX Hub\",\"isPartOf\":{\"@id\":\"https:\/\/ptx-hub.org\/#website\"},\"primaryImageOfPage\":{\"@id\":\"https:\/\/ptx-hub.org\/pt-br\/governanca-e-politicas-publicas-para-incentivo-ao-saf\/#primaryimage\"},\"datePublished\":\"2022-04-20T08:22:38+00:00\",\"dateModified\":\"2022-04-25T13:29:48+00:00\",\"breadcrumb\":{\"@id\":\"https:\/\/ptx-hub.org\/pt-br\/governanca-e-politicas-publicas-para-incentivo-ao-saf\/#breadcrumb\"},\"inLanguage\":\"pt-BR\",\"potentialAction\":[{\"@type\":\"ReadAction\",\"target\":[\"https:\/\/ptx-hub.org\/pt-br\/governanca-e-politicas-publicas-para-incentivo-ao-saf\/\"]}]},{\"@type\":\"BreadcrumbList\",\"@id\":\"https:\/\/ptx-hub.org\/pt-br\/governanca-e-politicas-publicas-para-incentivo-ao-saf\/#breadcrumb\",\"itemListElement\":[{\"@type\":\"ListItem\",\"position\":1,\"item\":{\"@type\":\"WebPage\",\"@id\":\"https:\/\/ptx-hub.org\/\",\"url\":\"https:\/\/ptx-hub.org\/\",\"name\":\"Startseite\"}},{\"@type\":\"ListItem\",\"position\":2,\"item\":{\"@type\":\"WebPage\",\"@id\":\"https:\/\/ptx-hub.org\/pt-br\/governanca-e-politicas-publicas-para-incentivo-ao-saf\/\",\"url\":\"https:\/\/ptx-hub.org\/pt-br\/governanca-e-politicas-publicas-para-incentivo-ao-saf\/\",\"name\":\"Governan\\u00e7a e pol\\u00edticas p\\u00fablicas para incentivo ao SAF\"}}]},{\"@type\":\"Article\",\"@id\":\"https:\/\/ptx-hub.org\/pt-br\/governanca-e-politicas-publicas-para-incentivo-ao-saf\/#article\",\"isPartOf\":{\"@id\":\"https:\/\/ptx-hub.org\/pt-br\/governanca-e-politicas-publicas-para-incentivo-ao-saf\/#webpage\"},\"author\":{\"@id\":\"https:\/\/ptx-hub.org\/#\/schema\/person\/d343fa2074988d4af03e1a128092649d\"},\"headline\":\"Governan\\u00e7a e pol\\u00edticas p\\u00fablicas para incentivo ao SAF\",\"datePublished\":\"2022-04-20T08:22:38+00:00\",\"dateModified\":\"2022-04-25T13:29:48+00:00\",\"mainEntityOfPage\":{\"@id\":\"https:\/\/ptx-hub.org\/pt-br\/governanca-e-politicas-publicas-para-incentivo-ao-saf\/#webpage\"},\"publisher\":{\"@id\":\"https:\/\/ptx-hub.org\/#organization\"},\"image\":{\"@id\":\"https:\/\/ptx-hub.org\/pt-br\/governanca-e-politicas-publicas-para-incentivo-ao-saf\/#primaryimage\"},\"keywords\":\"Aviation,Hydrogen,PtX,Sustainability\",\"articleSection\":\"News\",\"inLanguage\":\"pt-BR\"},{\"@type\":\"Person\",\"@id\":\"https:\/\/ptx-hub.org\/#\/schema\/person\/d343fa2074988d4af03e1a128092649d\",\"name\":\"Kathrin Hermann\",\"image\":{\"@type\":\"ImageObject\",\"@id\":\"https:\/\/ptx-hub.org\/#personlogo\",\"inLanguage\":\"pt-BR\",\"url\":\"https:\/\/secure.gravatar.com\/avatar\/ff468cde78d741cb647e935a92eac0e5?s=96&d=mm&r=g\",\"caption\":\"Kathrin Hermann\"}}]}<\/script>\n<!-- \/ Yoast SEO plugin. -->","_links":{"self":[{"href":"https:\/\/ptx-hub.org\/pt-br\/wp-json\/wp\/v2\/posts\/6913"}],"collection":[{"href":"https:\/\/ptx-hub.org\/pt-br\/wp-json\/wp\/v2\/posts"}],"about":[{"href":"https:\/\/ptx-hub.org\/pt-br\/wp-json\/wp\/v2\/types\/post"}],"author":[{"embeddable":true,"href":"https:\/\/ptx-hub.org\/pt-br\/wp-json\/wp\/v2\/users\/12"}],"replies":[{"embeddable":true,"href":"https:\/\/ptx-hub.org\/pt-br\/wp-json\/wp\/v2\/comments?post=6913"}],"version-history":[{"count":3,"href":"https:\/\/ptx-hub.org\/pt-br\/wp-json\/wp\/v2\/posts\/6913\/revisions"}],"predecessor-version":[{"id":6968,"href":"https:\/\/ptx-hub.org\/pt-br\/wp-json\/wp\/v2\/posts\/6913\/revisions\/6968"}],"wp:featuredmedia":[{"embeddable":true,"href":"https:\/\/ptx-hub.org\/pt-br\/wp-json\/wp\/v2\/media\/6908"}],"wp:attachment":[{"href":"https:\/\/ptx-hub.org\/pt-br\/wp-json\/wp\/v2\/media?parent=6913"}],"wp:term":[{"taxonomy":"category","embeddable":true,"href":"https:\/\/ptx-hub.org\/pt-br\/wp-json\/wp\/v2\/categories?post=6913"},{"taxonomy":"post_tag","embeddable":true,"href":"https:\/\/ptx-hub.org\/pt-br\/wp-json\/wp\/v2\/tags?post=6913"},{"taxonomy":"ptxproject","embeddable":true,"href":"https:\/\/ptx-hub.org\/pt-br\/wp-json\/wp\/v2\/ptxproject?post=6913"},{"taxonomy":"slidertag","embeddable":true,"href":"https:\/\/ptx-hub.org\/pt-br\/wp-json\/wp\/v2\/slidertag?post=6913"},{"taxonomy":"ptxcountry","embeddable":true,"href":"https:\/\/ptx-hub.org\/pt-br\/wp-json\/wp\/v2\/ptxcountry?post=6913"}],"curies":[{"name":"wp","href":"https:\/\/api.w.org\/{rel}","templated":true}]}}